{"id":587,"date":"2024-05-10T01:23:04","date_gmt":"2024-05-10T06:23:04","guid":{"rendered":"https:\/\/www.mujeronline.net\/?p=587"},"modified":"2024-05-10T01:23:04","modified_gmt":"2024-05-10T06:23:04","slug":"ballet-en-lima-noche-de-danza-en-el-met","status":"publish","type":"post","link":"https:\/\/www.mujeronline.net\/?p=587","title":{"rendered":"BALLET EN LIMA: NOCHE DE DANZA EN EL MET"},"content":{"rendered":"<div style=\"font-style:italic;font-weight:700;\" class=\"wp-block-post-excerpt\"><p class=\"wp-block-post-excerpt__excerpt\">Museo Metropolitano acoger\u00e1 espect\u00e1culo del centro Allegro Ballet. <\/p><\/div>\n\n<div style=\"font-style:italic;font-weight:500;\" class=\"wp-block-post-author\"><div class=\"wp-block-post-author__content\"><p class=\"wp-block-post-author__byline\">Nota por:<\/p><p class=\"wp-block-post-author__name\">Redacci\u00f3n Mujer Online<\/p><\/div><\/div>\n\n\n<div style=\"height:25px\" aria-hidden=\"true\" class=\"wp-block-spacer\"><\/div>\n\n\n\n<p>El Museo Metropolitano de Lima-MET, se transformar\u00e1 en un escenario de ensue\u00f1o para celebrar el arte de la danza del ballet. El s\u00e1bado 27 de abril, el p\u00fablico disfrutar\u00e1 de una velada por el D\u00eda Internacional de la Danza.<\/p>\n\n\n\n<p>El espect\u00e1culo se llama Noche de danza en el MET y estar\u00e1 a cargo del Proyecto Allegro, del centro de danza Allegro Ballet. Ser\u00e1n varias puestas de danza con temas sociales, culturales y de estilo en las que se fusionar\u00e1n el ballet, la danza contempor\u00e1nea y danza jazz. La funci\u00f3n tiene la direcci\u00f3n del distinguido ex primer bailar\u00edn del ballet municipal de Lima y el ballet nacional del Per\u00fa, Miguel Burgos.<\/p>\n\n\n\n<p><strong>Trayectoria<\/strong><\/p>\n\n\n\n<p>Burgos, quien ha llevado el nombre del Per\u00fa a escenarios internacionales, lidera esta presentaci\u00f3n que combina la destreza t\u00e9cnica con la expresi\u00f3n art\u00edstica m\u00e1s pura.<\/p>\n\n\n\n<p>El artista ha representado al pa\u00eds en galas y espect\u00e1culos de renombre mundial hasta abrir el proyecto Allegro Ballet en el 2009. El int\u00e9rprete ha sido un pilar fundamental en el desarrollo del arte del ballet en el pa\u00eds.<\/p>\n\n\n\n<p>Este evento de acceso libre, con aforo limitado, respaldado por la gerencia de Cultura de la Municipalidad de Lima, est\u00e1 dise\u00f1ado para el p\u00fablico en general, incluyendo ni\u00f1os a partir de los 5 a\u00f1os en adelante.<\/p>\n\n\n\n<p>Desde su inauguraci\u00f3n en el 2010, el MET se ha dedicado a preservar y difundir la historia de Lima, ofreciendo a los visitantes la oportunidad de sumergirse en el pasado y vislumbrar el futuro por medio de sus salas de proyecci\u00f3n, que abarcan desde la \u00e9poca prehisp\u00e1nica hasta una recreaci\u00f3n de la ciudad de Lima para el 2050.<\/p>\n","protected":false},"excerpt":{"rendered":"<p>Museo Metropolitano acoger\u00e1 espect\u00e1culo del centro Allegro Ballet.<\/p>\n","protected":false},"author":2,"featured_media":525,"comment_status":"open","ping_status":"open","sticky":false,"template":"","format":"standard","meta":{"site-sidebar-layout":"default","site-content-layout":"","ast-site-content-layout":"","site-content-style":"default","site-sidebar-style":"default","ast-global-header-display":"","ast-banner-title-visibility":"","ast-main-header-display":"","ast-hfb-above-header-display":"","ast-hfb-below-header-display":"","ast-hfb-mobile-header-display":"","site-post-title":"","ast-breadcrumbs-content":"","ast-featured-img":"","footer-sml-layout":"","theme-transparent-header-meta":"","adv-header-id-meta":"","stick-header-meta":"","header-above-stick-meta":"","header-main-stick-meta":"","header-below-stick-meta":"","astra-migrate-meta-layouts":"default","ast-page-background-enabled":"default","ast-page-background-meta":{"desktop":{"background-color":"var(--ast-global-color-4)","background-image":"","background-repeat":"repeat","background-position":"center center","background-size":"auto","background-attachment":"scroll","background-type":"","background-media":"","overlay-type":"","overlay-color":"","overlay-opacity":"","overlay-gradient":""},"tablet":{"background-color":"","background-image":"","background-repeat":"repeat","background-position":"center center","background-size":"auto","background-attachment":"scroll","background-type":"","background-media":"","overlay-type":"","overlay-color":"","overlay-opacity":"","overlay-gradient":""},"mobile":{"background-color":"","background-image":"","background-repeat":"repeat","background-position":"center center","background-size":"auto","background-attachment":"scroll","background-type":"","background-media":"","overlay-type":"","overlay-color":"","overlay-opacity":"","overlay-gradient":""}},"ast-content-background-meta":{"desktop":{"background-color":"var(--ast-global-color-5)","background-image":"","background-repeat":"repeat","background-position":"center center","background-size":"auto","background-attachment":"scroll","background-type":"","background-media":"","overlay-type":"","overlay-color":"","overlay-opacity":"","overlay-gradient":""},"tablet":{"background-color":"var(--ast-global-color-5)","background-image":"","background-repeat":"repeat","background-position":"center center","background-size":"auto","background-attachment":"scroll","background-type":"","background-media":"","overlay-type":"","overlay-color":"","overlay-opacity":"","overlay-gradient":""},"mobile":{"background-color":"var(--ast-global-color-5)","background-image":"","background-repeat":"repeat","background-position":"center center","background-size":"auto","background-attachment":"scroll","background-type":"","background-media":"","overlay-type":"","overlay-color":"","overlay-opacity":"","overlay-gradient":""}},"footnotes":""},"categories":[10],"tags":[],"class_list":["post-587","post","type-post","status-publish","format-standard","has-post-thumbnail","hentry","category-eventos"],"yoast_head":"<!-- This site is optimized with the Yoast SEO plugin v22.7 - https:\/\/yoast.com\/wordpress\/plugins\/seo\/ -->\n<title>BALLET EN LIMA: NOCHE DE DANZA EN EL MET - Mujer Online<\/title>\n<meta name=\"robots\" content=\"noindex, follow, max-snippet:-1, max-image-preview:large, max-video-preview:-1\" \/>\n<meta property=\"og:locale\" content=\"es_ES\" \/>\n<meta property=\"og:type\" content=\"article\" \/>\n<meta property=\"og:title\" content=\"BALLET EN LIMA: NOCHE DE DANZA EN EL MET - Mujer Online\" \/>\n<meta property=\"og:description\" content=\"Museo Metropolitano acoger\u00e1 espect\u00e1culo del centro Allegro Ballet.\" \/>\n<meta property=\"og:url\" content=\"https:\/\/www.mujeronline.net\/?p=587\" \/>\n<meta property=\"og:site_name\" content=\"Mujer Online\" \/>\n<meta property=\"article:published_time\" content=\"2024-05-10T06:23:04+00:00\" \/>\n<meta property=\"og:image\" content=\"https:\/\/www.mujeronline.net\/wp-content\/uploads\/2024\/05\/Ballet-en-Lima-Noche-de-Danza-en-el-MET.webp\" \/>\n\t<meta property=\"og:image:width\" content=\"900\" \/>\n\t<meta property=\"og:image:height\" content=\"600\" \/>\n\t<meta property=\"og:image:type\" content=\"image\/webp\" \/>\n<meta name=\"author\" content=\"Redacci\u00f3n Mujer Online\" \/>\n<meta name=\"twitter:card\" content=\"summary_large_image\" \/>\n<meta name=\"twitter:label1\" content=\"Escrito por\" \/>\n\t<meta name=\"twitter:data1\" content=\"Redacci\u00f3n Mujer Online\" \/>\n\t<meta name=\"twitter:label2\" content=\"Tiempo de lectura\" \/>\n\t<meta name=\"twitter:data2\" content=\"1 minuto\" \/>\n<script type=\"application\/ld+json\" class=\"yoast-schema-graph\">{\"@context\":\"https:\/\/schema.org\",\"@graph\":[{\"@type\":\"WebPage\",\"@id\":\"https:\/\/www.mujeronline.net\/?p=587\",\"url\":\"https:\/\/www.mujeronline.net\/?p=587\",\"name\":\"BALLET EN LIMA: NOCHE DE DANZA EN EL MET - Mujer Online\",\"isPartOf\":{\"@id\":\"https:\/\/www.mujeronline.net\/#website\"},\"primaryImageOfPage\":{\"@id\":\"https:\/\/www.mujeronline.net\/?p=587#primaryimage\"},\"image\":{\"@id\":\"https:\/\/www.mujeronline.net\/?p=587#primaryimage\"},\"thumbnailUrl\":\"https:\/\/www.mujeronline.net\/wp-content\/uploads\/2024\/05\/Ballet-en-Lima-Noche-de-Danza-en-el-MET.webp\",\"datePublished\":\"2024-05-10T06:23:04+00:00\",\"dateModified\":\"2024-05-10T06:23:04+00:00\",\"author\":{\"@id\":\"https:\/\/www.mujeronline.net\/#\/schema\/person\/32302c20b3edd90f82a636452b52136a\"},\"breadcrumb\":{\"@id\":\"https:\/\/www.mujeronline.net\/?p=587#breadcrumb\"},\"inLanguage\":\"es\",\"potentialAction\":[{\"@type\":\"ReadAction\",\"target\":[\"https:\/\/www.mujeronline.net\/?p=587\"]}]},{\"@type\":\"ImageObject\",\"inLanguage\":\"es\",\"@id\":\"https:\/\/www.mujeronline.net\/?p=587#primaryimage\",\"url\":\"https:\/\/www.mujeronline.net\/wp-content\/uploads\/2024\/05\/Ballet-en-Lima-Noche-de-Danza-en-el-MET.webp\",\"contentUrl\":\"https:\/\/www.mujeronline.net\/wp-content\/uploads\/2024\/05\/Ballet-en-Lima-Noche-de-Danza-en-el-MET.webp\",\"width\":900,\"height\":600},{\"@type\":\"BreadcrumbList\",\"@id\":\"https:\/\/www.mujeronline.net\/?p=587#breadcrumb\",\"itemListElement\":[{\"@type\":\"ListItem\",\"position\":1,\"name\":\"Portada\",\"item\":\"https:\/\/www.mujeronline.net\/\"},{\"@type\":\"ListItem\",\"position\":2,\"name\":\"BALLET EN LIMA: NOCHE DE DANZA EN EL MET\"}]},{\"@type\":\"WebSite\",\"@id\":\"https:\/\/www.mujeronline.net\/#website\",\"url\":\"https:\/\/www.mujeronline.net\/\",\"name\":\"Mujer Online\",\"description\":\"\",\"potentialAction\":[{\"@type\":\"SearchAction\",\"target\":{\"@type\":\"EntryPoint\",\"urlTemplate\":\"https:\/\/www.mujeronline.net\/?s={search_term_string}\"},\"query-input\":\"required name=search_term_string\"}],\"inLanguage\":\"es\"},{\"@type\":\"Person\",\"@id\":\"https:\/\/www.mujeronline.net\/#\/schema\/person\/32302c20b3edd90f82a636452b52136a\",\"name\":\"Redacci\u00f3n Mujer Online\",\"image\":{\"@type\":\"ImageObject\",\"inLanguage\":\"es\",\"@id\":\"https:\/\/www.mujeronline.net\/#\/schema\/person\/image\/\",\"url\":\"https:\/\/secure.gravatar.com\/avatar\/91d8d0746c12f7c08dfb0602c74042583d8bfb450b1d160aba354ce57b0dd00e?s=96&d=mm&r=g\",\"contentUrl\":\"https:\/\/secure.gravatar.com\/avatar\/91d8d0746c12f7c08dfb0602c74042583d8bfb450b1d160aba354ce57b0dd00e?s=96&d=mm&r=g\",\"caption\":\"Redacci\u00f3n Mujer Online\"},\"description\":\"Lorem ipsum dolor sit amet, consectetur adipiscing elit. Etiam in pretium tortor, posuere lacinia justo. Donec sollicitudin velit non nibh commodo suscipit. Maecenas nec felis pellentesque enim vehicula scelerisque.\",\"url\":\"https:\/\/www.mujeronline.net\/?author=2\"}]}<\/script>\n<!-- \/ Yoast SEO plugin. -->","yoast_head_json":{"title":"BALLET EN LIMA: NOCHE DE DANZA EN EL MET - Mujer Online","robots":{"index":"noindex","follow":"follow","max-snippet":"max-snippet:-1","max-image-preview":"max-image-preview:large","max-video-preview":"max-video-preview:-1"},"og_locale":"es_ES","og_type":"article","og_title":"BALLET EN LIMA: NOCHE DE DANZA EN EL MET - Mujer Online","og_description":"Museo Metropolitano acoger\u00e1 espect\u00e1culo del centro Allegro Ballet.","og_url":"https:\/\/www.mujeronline.net\/?p=587","og_site_name":"Mujer Online","article_published_time":"2024-05-10T06:23:04+00:00","og_image":[{"width":900,"height":600,"url":"https:\/\/www.mujeronline.net\/wp-content\/uploads\/2024\/05\/Ballet-en-Lima-Noche-de-Danza-en-el-MET.webp","type":"image\/webp"}],"author":"Redacci\u00f3n Mujer Online","twitter_card":"summary_large_image","twitter_misc":{"Escrito por":"Redacci\u00f3n Mujer Online","Tiempo de lectura":"1 minuto"},"schema":{"@context":"https:\/\/schema.org","@graph":[{"@type":"WebPage","@id":"https:\/\/www.mujeronline.net\/?p=587","url":"https:\/\/www.mujeronline.net\/?p=587","name":"BALLET EN LIMA: NOCHE DE DANZA EN EL MET - Mujer Online","isPartOf":{"@id":"https:\/\/www.mujeronline.net\/#website"},"primaryImageOfPage":{"@id":"https:\/\/www.mujeronline.net\/?p=587#primaryimage"},"image":{"@id":"https:\/\/www.mujeronline.net\/?p=587#primaryimage"},"thumbnailUrl":"https:\/\/www.mujeronline.net\/wp-content\/uploads\/2024\/05\/Ballet-en-Lima-Noche-de-Danza-en-el-MET.webp","datePublished":"2024-05-10T06:23:04+00:00","dateModified":"2024-05-10T06:23:04+00:00","author":{"@id":"https:\/\/www.mujeronline.net\/#\/schema\/person\/32302c20b3edd90f82a636452b52136a"},"breadcrumb":{"@id":"https:\/\/www.mujeronline.net\/?p=587#breadcrumb"},"inLanguage":"es","potentialAction":[{"@type":"ReadAction","target":["https:\/\/www.mujeronline.net\/?p=587"]}]},{"@type":"ImageObject","inLanguage":"es","@id":"https:\/\/www.mujeronline.net\/?p=587#primaryimage","url":"https:\/\/www.mujeronline.net\/wp-content\/uploads\/2024\/05\/Ballet-en-Lima-Noche-de-Danza-en-el-MET.webp","contentUrl":"https:\/\/www.mujeronline.net\/wp-content\/uploads\/2024\/05\/Ballet-en-Lima-Noche-de-Danza-en-el-MET.webp","width":900,"height":600},{"@type":"BreadcrumbList","@id":"https:\/\/www.mujeronline.net\/?p=587#breadcrumb","itemListElement":[{"@type":"ListItem","position":1,"name":"Portada","item":"https:\/\/www.mujeronline.net\/"},{"@type":"ListItem","position":2,"name":"BALLET EN LIMA: NOCHE DE DANZA EN EL MET"}]},{"@type":"WebSite","@id":"https:\/\/www.mujeronline.net\/#website","url":"https:\/\/www.mujeronline.net\/","name":"Mujer Online","description":"","potentialAction":[{"@type":"SearchAction","target":{"@type":"EntryPoint","urlTemplate":"https:\/\/www.mujeronline.net\/?s={search_term_string}"},"query-input":"required name=search_term_string"}],"inLanguage":"es"},{"@type":"Person","@id":"https:\/\/www.mujeronline.net\/#\/schema\/person\/32302c20b3edd90f82a636452b52136a","name":"Redacci\u00f3n Mujer Online","image":{"@type":"ImageObject","inLanguage":"es","@id":"https:\/\/www.mujeronline.net\/#\/schema\/person\/image\/","url":"https:\/\/secure.gravatar.com\/avatar\/91d8d0746c12f7c08dfb0602c74042583d8bfb450b1d160aba354ce57b0dd00e?s=96&d=mm&r=g","contentUrl":"https:\/\/secure.gravatar.com\/avatar\/91d8d0746c12f7c08dfb0602c74042583d8bfb450b1d160aba354ce57b0dd00e?s=96&d=mm&r=g","caption":"Redacci\u00f3n Mujer Online"},"description":"Lorem ipsum dolor sit amet, consectetur adipiscing elit. Etiam in pretium tortor, posuere lacinia justo. Donec sollicitudin velit non nibh commodo suscipit. Maecenas nec felis pellentesque enim vehicula scelerisque.","url":"https:\/\/www.mujeronline.net\/?author=2"}]}},"rttpg_featured_image_url":{"full":["https:\/\/www.mujeronline.net\/wp-content\/uploads\/2024\/05\/Ballet-en-Lima-Noche-de-Danza-en-el-MET.webp",900,600,false],"landscape":["https:\/\/www.mujeronline.net\/wp-content\/uploads\/2024\/05\/Ballet-en-Lima-Noche-de-Danza-en-el-MET.webp",900,600,false],"portraits":["https:\/\/www.mujeronline.net\/wp-content\/uploads\/2024\/05\/Ballet-en-Lima-Noche-de-Danza-en-el-MET.webp",900,600,false],"thumbnail":["https:\/\/www.mujeronline.net\/wp-content\/uploads\/2024\/05\/Ballet-en-Lima-Noche-de-Danza-en-el-MET-150x150.webp",150,150,true],"medium":["https:\/\/www.mujeronline.net\/wp-content\/uploads\/2024\/05\/Ballet-en-Lima-Noche-de-Danza-en-el-MET-300x200.webp",300,200,true],"large":["https:\/\/www.mujeronline.net\/wp-content\/uploads\/2024\/05\/Ballet-en-Lima-Noche-de-Danza-en-el-MET.webp",900,600,false],"1536x1536":["https:\/\/www.mujeronline.net\/wp-content\/uploads\/2024\/05\/Ballet-en-Lima-Noche-de-Danza-en-el-MET.webp",900,600,false],"2048x2048":["https:\/\/www.mujeronline.net\/wp-content\/uploads\/2024\/05\/Ballet-en-Lima-Noche-de-Danza-en-el-MET.webp",900,600,false]},"rttpg_author":{"display_name":"Redacci\u00f3n Mujer Online","author_link":"https:\/\/www.mujeronline.net\/?author=2"},"rttpg_comment":0,"rttpg_category":"<a href=\"https:\/\/www.mujeronline.net\/?cat=10\" rel=\"category\">Eventos<\/a>","rttpg_excerpt":"Museo Metropolitano acoger\u00e1 espect\u00e1culo del centro Allegro Ballet.","_links":{"self":[{"href":"https:\/\/www.mujeronline.net\/index.php?rest_route=\/wp\/v2\/posts\/587","targetHints":{"allow":["GET"]}}],"collection":[{"href":"https:\/\/www.mujeronline.net\/index.php?rest_route=\/wp\/v2\/posts"}],"about":[{"href":"https:\/\/www.mujeronline.net\/index.php?rest_route=\/wp\/v2\/types\/post"}],"author":[{"embeddable":true,"href":"https:\/\/www.mujeronline.net\/index.php?rest_route=\/wp\/v2\/users\/2"}],"replies":[{"embeddable":true,"href":"https:\/\/www.mujeronline.net\/index.php?rest_route=%2Fwp%2Fv2%2Fcomments&post=587"}],"version-history":[{"count":1,"href":"https:\/\/www.mujeronline.net\/index.php?rest_route=\/wp\/v2\/posts\/587\/revisions"}],"predecessor-version":[{"id":588,"href":"https:\/\/www.mujeronline.net\/index.php?rest_route=\/wp\/v2\/posts\/587\/revisions\/588"}],"wp:featuredmedia":[{"embeddable":true,"href":"https:\/\/www.mujeronline.net\/index.php?rest_route=\/wp\/v2\/media\/525"}],"wp:attachment":[{"href":"https:\/\/www.mujeronline.net\/index.php?rest_route=%2Fwp%2Fv2%2Fmedia&parent=587"}],"wp:term":[{"taxonomy":"category","embeddable":true,"href":"https:\/\/www.mujeronline.net\/index.php?rest_route=%2Fwp%2Fv2%2Fcategories&post=587"},{"taxonomy":"post_tag","embeddable":true,"href":"https:\/\/www.mujeronline.net\/index.php?rest_route=%2Fwp%2Fv2%2Ftags&post=587"}],"curies":[{"name":"wp","href":"https:\/\/api.w.org\/{rel}","templated":true}]}}